{"id":713,"date":"2020-11-19T09:38:07","date_gmt":"2020-11-19T11:38:07","guid":{"rendered":"http:\/\/www.acensemicon.com\/pt\/?p=713"},"modified":"2020-11-19T09:38:09","modified_gmt":"2020-11-19T11:38:09","slug":"breve-vagas-para-voluntarios-em-pesquisa-clinica-capsula-endoscopia","status":"publish","type":"post","link":"http:\/\/www.acensemicon.com\/pt\/breve-vagas-para-voluntarios-em-pesquisa-clinica-capsula-endoscopia\/","title":{"rendered":"Breve: Vagas para Volunt\u00e1rios em Pesquisa Cl\u00ednica (C\u00e1psula Endoscopia)"},"content":{"rendered":"\n<p>Em breve, a Acen Semicon em parceria com a ANS Pharma e o Gastrocentro Unicamp estar\u00e1 buscando pacientes para realizar testes com c\u00e1psula endosc\u00f3pia.<\/p>\n\n\n\n<p>A c\u00e1psula endosc\u00f3pica tem como objetivo principal ajudar o m\u00e9dico no diagn\u00f3stico de doen\u00e7as do intestino. O exame \u00e9 bem tolerado pela maioria dos pacientes. O exame pode ser direcionado a partes espec\u00edficas do aparelho digestivo: es\u00f4fago, intestino delgado (fino) ou c\u00f3lon (intestino grosso). Tem diversas indica\u00e7\u00f5es, as mais comuns s\u00e3o: sangramento de origem obscura, portadores de doen\u00e7as inflamat\u00f3rias intestinais (Retocolite \/ Doen\u00e7a de Chron), an\u00e1lise do intestino delgado em pacientes com anemias a esclarecer, c\u00f3licas abdominais de origem obscura, monitoramento preventivo de c\u00e2ncer coloretal, em pacientes com contra indica\u00e7\u00e3o para a seda\u00e7\u00e3o e com necessidade de realizar endoscopia \/ colonoscopia.<\/p>\n\n\n\n<p>Este protocolo se refere a um estudo prospectivo controlado, visando avaliar a atividade e seguran\u00e7a da c\u00e1psula endosc\u00f3pica ACEN na popula\u00e7\u00e3o alvo principal do estudo para fornecer informa\u00e7\u00f5es sobre a efic\u00e1cia diagn\u00f3stica e seguran\u00e7a do produto, avaliar a aplica\u00e7\u00e3o e o conforto de uso dos pacientes.<\/p>\n\n\n\n<p>\u00c9 correto lembrar que antes de o dispositivo entrar para a fase de testes, o projeto j\u00e1 ter\u00e1 recebido aprova\u00e7\u00e3o do CEP (Comit\u00ea de \u00c9tica em Pesquisa) e do CONEP (Comit\u00ea Nacional de \u00c9tica em Pesquisa).<\/p>\n\n\n\n<p><strong>Acompanhamento m\u00e9dico<\/strong><\/p>\n\n\n\n<p>Todo paciente que concordar em ser submetido ao estudo cl\u00ednico receber\u00e1 todo o acompanhamento m\u00e9dico necess\u00e1rio durante o processo. Al\u00e9m do respaldo m\u00e9dico, h\u00e1 tamb\u00e9m outras facilidades, como transporte e alimenta\u00e7\u00e3o no dia dos exames.<\/p>\n\n\n\n<p>Em breve ser\u00e1 divulgado os canais de inscri\u00e7\u00e3o para quem se interessar em fazer parte dos grupos de estudos.<\/p>\n","protected":false},"excerpt":{"rendered":"<p>Em breve, a Acen Semicon em parceria com a ANS Pharma e o Gastrocentro Unicamp estar\u00e1 buscando pacientes para realizar&hellip;<\/p>\n","protected":false},"author":1,"featured_media":0,"comment_status":"open","ping_status":"open","sticky":false,"template":"","format":"standard","meta":[],"categories":[1],"tags":[],"_links":{"self":[{"href":"http:\/\/www.acensemicon.com\/pt\/wp-json\/wp\/v2\/posts\/713"}],"collection":[{"href":"http:\/\/www.acensemicon.com\/pt\/wp-json\/wp\/v2\/posts"}],"about":[{"href":"http:\/\/www.acensemicon.com\/pt\/wp-json\/wp\/v2\/types\/post"}],"author":[{"embeddable":true,"href":"http:\/\/www.acensemicon.com\/pt\/wp-json\/wp\/v2\/users\/1"}],"replies":[{"embeddable":true,"href":"http:\/\/www.acensemicon.com\/pt\/wp-json\/wp\/v2\/comments?post=713"}],"version-history":[{"count":4,"href":"http:\/\/www.acensemicon.com\/pt\/wp-json\/wp\/v2\/posts\/713\/revisions"}],"predecessor-version":[{"id":717,"href":"http:\/\/www.acensemicon.com\/pt\/wp-json\/wp\/v2\/posts\/713\/revisions\/717"}],"wp:attachment":[{"href":"http:\/\/www.acensemicon.com\/pt\/wp-json\/wp\/v2\/media?parent=713"}],"wp:term":[{"taxonomy":"category","embeddable":true,"href":"http:\/\/www.acensemicon.com\/pt\/wp-json\/wp\/v2\/categories?post=713"},{"taxonomy":"post_tag","embeddable":true,"href":"http:\/\/www.acensemicon.com\/pt\/wp-json\/wp\/v2\/tags?post=713"}],"curies":[{"name":"wp","href":"https:\/\/api.w.org\/{rel}","templated":true}]}}